{"id":3450,"date":"2019-10-10T14:29:09","date_gmt":"2019-10-10T12:29:09","guid":{"rendered":"https:\/\/www.eghv-suedpfalz.de\/?p=3450"},"modified":"2020-05-08T09:58:14","modified_gmt":"2020-05-08T07:58:14","slug":"theaterstueck-der-integrativen-theatergruppe-des-st-paulus-stifts-herxheim-am-12-und-13-oktober","status":"publish","type":"post","link":"https:\/\/www.eghv-suedpfalz.de\/de-ld\/blog\/neuigkeiten\/theaterstueck-der-integrativen-theatergruppe-des-st-paulus-stifts-herxheim-am-12-und-13-oktober\/","title":{"rendered":"Theaterst\u00fcck der integrativen Theatergruppe des St- Paulus Stifts Herxheim am 12. und 13. Oktober"},"content":{"rendered":"<p>J.F. Bussereau &ndash; einfach genial! Dies ist der Titel des neuen Theaterst&uuml;cks der integrativen Theatergruppe &bdquo;SoSimmer-ganz normal, blo&szlig; annerschd&ldquo; des St- Paulus Stifts Herxheim.<br>\nZum 100. Todestag des Gr&uuml;nders des St. Paulus Stiftes Herxheim,Jakob Friedrich Bussereau, soll &uuml;ber das facettenreiche Leben dieses hochbegabten und mit vielf&auml;ltigen Talenten begnadeten Menschen berichten.<\/p>\n<p>\nDer am 8. Februar 1863 in Hambach geborene Jakob Friedrich Bussereau wuchs in &auml;rmlichen Verh&auml;ltnissen auf. Wie es gelang, dass er studieren und Preister werden konnte und warum er kein Gemeindepfarrer werden wollte, zeigt das St&uuml;ck. Dar&uuml;ber hinaus informiert es &uuml;ber seine Visionen und sein Genie, die zur Gr&uuml;ndung das St. Paulus Stiftes an f&uuml;nf Standorten in Deutschland innerhalb weniger Jahre f&uuml;hrte.<\/p>\n<p>\nIn dem St&uuml;ck erfahren Sie, wie er nicht nur zu einem Pionier der Behindertenarbeit in Deutschland wurde, sondern dass er auch Erfinder, Journalist, Architekt, Komponist und Verleger war. Im Zusammenspiel von Live-Theater, eingespielten Filmsequenzen und selbstkomponierter Musik erwartet die Zuschauer ein buntes Spektrum &uuml;ber das facettenreiche Leben dieses genialen Menschen.<\/p>\n<p>&nbsp;<\/p>\n<p>\n<img loading=\"lazy\" decoding=\"async\" class=\"alignnone size-medium wp-image-3451\" src=\"https:\/\/www.eghv-suedpfalz.de\/wp-content\/uploads\/2019\/10\/Flyer-Theater-2019-2-560x800.jpg\" alt=\"\" width=\"560\" height=\"800\" srcset=\"https:\/\/www.eghv-suedpfalz.de\/wp-content\/uploads\/2019\/10\/Flyer-Theater-2019-2-560x800.jpg 560w, https:\/\/www.eghv-suedpfalz.de\/wp-content\/uploads\/2019\/10\/Flyer-Theater-2019-2-768x1098.jpg 768w, https:\/\/www.eghv-suedpfalz.de\/wp-content\/uploads\/2019\/10\/Flyer-Theater-2019-2-979x1400.jpg 979w, https:\/\/www.eghv-suedpfalz.de\/wp-content\/uploads\/2019\/10\/Flyer-Theater-2019-2.jpg 1119w\" sizes=\"auto, (max-width: 560px) 100vw, 560px\"><\/p>\n","protected":false},"excerpt":{"rendered":"<p class=\"excerpt\">J.F. Bussereau &#8211; einfach genial! Dies ist der Titel des neuen Theaterst\u00fccks der integrativen Theatergruppe \u201eSoSimmer-ganz normal, blo\u00df annerschd\u201c des St- Paulus Stifts Herxheim. Zum \u2026 <span class=\"more\">mehr<\/span><\/p>\n","protected":false},"author":4,"featured_media":412,"comment_status":"closed","ping_status":"open","sticky":false,"template":"","format":"standard","meta":{"_acf_changed":false,"footnotes":"","_links_to":"","_links_to_target":""},"categories":[1],"tags":[],"class_list":["post-3450","post","type-post","status-publish","format-standard","has-post-thumbnail","hentry","category-neuigkeiten"],"acf":[],"yoast_head":"<!-- This site is optimized with the Yoast SEO plugin v27.3 - https:\/\/yoast.com\/product\/yoast-seo-wordpress\/ -->\n<title>Theaterst\u00fcck der integrativen Theatergruppe des St- Paulus Stifts Herxheim am 12. und 13. Oktober - Eingliederungshilfeverbund Su\u0308dpfalz<\/title>\n<meta name=\"robots\" content=\"index, follow, max-snippet:-1, max-image-preview:large, max-video-preview:-1\" \/>\n<link rel=\"canonical\" href=\"https:\/\/www.eghv-suedpfalz.de\/blog\/neuigkeiten\/theaterstueck-der-integrativen-theatergruppe-des-st-paulus-stifts-herxheim-am-12-und-13-oktober\/\" \/>\n<meta property=\"og:locale\" content=\"de_DE\" \/>\n<meta property=\"og:type\" content=\"article\" \/>\n<meta property=\"og:title\" content=\"Theaterst\u00fcck der integrativen Theatergruppe des St- Paulus Stifts Herxheim am 12. und 13. Oktober - Eingliederungshilfeverbund Su\u0308dpfalz\" \/>\n<meta property=\"og:description\" content=\"J.F. Bussereau &#8211; einfach genial! Dies ist der Titel des neuen Theaterst\u00fccks der integrativen Theatergruppe \u201eSoSimmer-ganz normal, blo\u00df annerschd\u201c des St- Paulus Stifts Herxheim. Zum \u2026 mehr\" \/>\n<meta property=\"og:url\" content=\"https:\/\/www.eghv-suedpfalz.de\/blog\/neuigkeiten\/theaterstueck-der-integrativen-theatergruppe-des-st-paulus-stifts-herxheim-am-12-und-13-oktober\/\" \/>\n<meta property=\"og:site_name\" content=\"Eingliederungshilfeverbund Su\u0308dpfalz\" \/>\n<meta property=\"article:published_time\" content=\"2019-10-10T12:29:09+00:00\" \/>\n<meta property=\"article:modified_time\" content=\"2020-05-08T07:58:14+00:00\" \/>\n<meta property=\"og:image\" content=\"https:\/\/www.eghv-suedpfalz.de\/wp-content\/uploads\/2017\/10\/logo800dpi.png\" \/>\n\t<meta property=\"og:image:width\" content=\"610\" \/>\n\t<meta property=\"og:image:height\" content=\"438\" \/>\n\t<meta property=\"og:image:type\" content=\"image\/png\" \/>\n<meta name=\"author\" content=\"Miriam Spie\u00df\" \/>\n<meta name=\"twitter:card\" content=\"summary_large_image\" \/>\n<meta name=\"twitter:label1\" content=\"Geschrieben von\" \/>\n\t<meta name=\"twitter:data1\" content=\"Miriam Spie\u00df\" \/>\n\t<meta name=\"twitter:label2\" content=\"Gesch\u00e4tzte Lesezeit\" \/>\n\t<meta name=\"twitter:data2\" content=\"1 minute\" \/>\n<script type=\"application\/ld+json\" class=\"yoast-schema-graph\">{\"@context\":\"https:\\\/\\\/schema.org\",\"@graph\":[{\"@type\":\"Article\",\"@id\":\"https:\\\/\\\/www.eghv-suedpfalz.de\\\/blog\\\/neuigkeiten\\\/theaterstueck-der-integrativen-theatergruppe-des-st-paulus-stifts-herxheim-am-12-und-13-oktober\\\/#article\",\"isPartOf\":{\"@id\":\"https:\\\/\\\/www.eghv-suedpfalz.de\\\/blog\\\/neuigkeiten\\\/theaterstueck-der-integrativen-theatergruppe-des-st-paulus-stifts-herxheim-am-12-und-13-oktober\\\/\"},\"author\":{\"name\":\"Miriam Spie\u00df\",\"@id\":\"https:\\\/\\\/www.eghv-suedpfalz.de\\\/#\\\/schema\\\/person\\\/2d5131c11444091b1a89b884fe357f0a\"},\"headline\":\"Theaterst\u00fcck der integrativen Theatergruppe des St- Paulus Stifts Herxheim am 12. und 13. Oktober\",\"datePublished\":\"2019-10-10T12:29:09+00:00\",\"dateModified\":\"2020-05-08T07:58:14+00:00\",\"mainEntityOfPage\":{\"@id\":\"https:\\\/\\\/www.eghv-suedpfalz.de\\\/blog\\\/neuigkeiten\\\/theaterstueck-der-integrativen-theatergruppe-des-st-paulus-stifts-herxheim-am-12-und-13-oktober\\\/\"},\"wordCount\":185,\"image\":{\"@id\":\"https:\\\/\\\/www.eghv-suedpfalz.de\\\/blog\\\/neuigkeiten\\\/theaterstueck-der-integrativen-theatergruppe-des-st-paulus-stifts-herxheim-am-12-und-13-oktober\\\/#primaryimage\"},\"thumbnailUrl\":\"https:\\\/\\\/www.eghv-suedpfalz.de\\\/wp-content\\\/uploads\\\/2017\\\/10\\\/logo800dpi.png\",\"articleSection\":[\"Neuigkeiten\"],\"inLanguage\":\"de-DE-formal\"},{\"@type\":\"WebPage\",\"@id\":\"https:\\\/\\\/www.eghv-suedpfalz.de\\\/blog\\\/neuigkeiten\\\/theaterstueck-der-integrativen-theatergruppe-des-st-paulus-stifts-herxheim-am-12-und-13-oktober\\\/\",\"url\":\"https:\\\/\\\/www.eghv-suedpfalz.de\\\/blog\\\/neuigkeiten\\\/theaterstueck-der-integrativen-theatergruppe-des-st-paulus-stifts-herxheim-am-12-und-13-oktober\\\/\",\"name\":\"Theaterst\u00fcck der integrativen Theatergruppe des St- Paulus Stifts Herxheim am 12. und 13. Oktober - Eingliederungshilfeverbund Su\u0308dpfalz\",\"isPartOf\":{\"@id\":\"https:\\\/\\\/www.eghv-suedpfalz.de\\\/#website\"},\"primaryImageOfPage\":{\"@id\":\"https:\\\/\\\/www.eghv-suedpfalz.de\\\/blog\\\/neuigkeiten\\\/theaterstueck-der-integrativen-theatergruppe-des-st-paulus-stifts-herxheim-am-12-und-13-oktober\\\/#primaryimage\"},\"image\":{\"@id\":\"https:\\\/\\\/www.eghv-suedpfalz.de\\\/blog\\\/neuigkeiten\\\/theaterstueck-der-integrativen-theatergruppe-des-st-paulus-stifts-herxheim-am-12-und-13-oktober\\\/#primaryimage\"},\"thumbnailUrl\":\"https:\\\/\\\/www.eghv-suedpfalz.de\\\/wp-content\\\/uploads\\\/2017\\\/10\\\/logo800dpi.png\",\"datePublished\":\"2019-10-10T12:29:09+00:00\",\"dateModified\":\"2020-05-08T07:58:14+00:00\",\"author\":{\"@id\":\"https:\\\/\\\/www.eghv-suedpfalz.de\\\/#\\\/schema\\\/person\\\/2d5131c11444091b1a89b884fe357f0a\"},\"breadcrumb\":{\"@id\":\"https:\\\/\\\/www.eghv-suedpfalz.de\\\/blog\\\/neuigkeiten\\\/theaterstueck-der-integrativen-theatergruppe-des-st-paulus-stifts-herxheim-am-12-und-13-oktober\\\/#breadcrumb\"},\"inLanguage\":\"de-DE-formal\",\"potentialAction\":[{\"@type\":\"ReadAction\",\"target\":[\"https:\\\/\\\/www.eghv-suedpfalz.de\\\/blog\\\/neuigkeiten\\\/theaterstueck-der-integrativen-theatergruppe-des-st-paulus-stifts-herxheim-am-12-und-13-oktober\\\/\"]}]},{\"@type\":\"ImageObject\",\"inLanguage\":\"de-DE-formal\",\"@id\":\"https:\\\/\\\/www.eghv-suedpfalz.de\\\/blog\\\/neuigkeiten\\\/theaterstueck-der-integrativen-theatergruppe-des-st-paulus-stifts-herxheim-am-12-und-13-oktober\\\/#primaryimage\",\"url\":\"https:\\\/\\\/www.eghv-suedpfalz.de\\\/wp-content\\\/uploads\\\/2017\\\/10\\\/logo800dpi.png\",\"contentUrl\":\"https:\\\/\\\/www.eghv-suedpfalz.de\\\/wp-content\\\/uploads\\\/2017\\\/10\\\/logo800dpi.png\",\"width\":610,\"height\":438,\"caption\":\"Logo der Jacob-Friedrich-Bussereau-Stiftung\"},{\"@type\":\"BreadcrumbList\",\"@id\":\"https:\\\/\\\/www.eghv-suedpfalz.de\\\/blog\\\/neuigkeiten\\\/theaterstueck-der-integrativen-theatergruppe-des-st-paulus-stifts-herxheim-am-12-und-13-oktober\\\/#breadcrumb\",\"itemListElement\":[{\"@type\":\"ListItem\",\"position\":1,\"name\":\"Startseite\",\"item\":\"https:\\\/\\\/www.eghv-suedpfalz.de\\\/\"},{\"@type\":\"ListItem\",\"position\":2,\"name\":\"Theaterst\u00fcck der integrativen Theatergruppe des St- Paulus Stifts Herxheim am 12. und 13. Oktober\"}]},{\"@type\":\"WebSite\",\"@id\":\"https:\\\/\\\/www.eghv-suedpfalz.de\\\/#website\",\"url\":\"https:\\\/\\\/www.eghv-suedpfalz.de\\\/\",\"name\":\"Eingliederungshilfeverbund Su\u0308dpfalz\",\"description\":\"\",\"potentialAction\":[{\"@type\":\"SearchAction\",\"target\":{\"@type\":\"EntryPoint\",\"urlTemplate\":\"https:\\\/\\\/www.eghv-suedpfalz.de\\\/?s={search_term_string}\"},\"query-input\":{\"@type\":\"PropertyValueSpecification\",\"valueRequired\":true,\"valueName\":\"search_term_string\"}}],\"inLanguage\":\"de-DE-formal\"},{\"@type\":\"Person\",\"@id\":\"https:\\\/\\\/www.eghv-suedpfalz.de\\\/#\\\/schema\\\/person\\\/2d5131c11444091b1a89b884fe357f0a\",\"name\":\"Miriam Spie\u00df\",\"image\":{\"@type\":\"ImageObject\",\"inLanguage\":\"de-DE-formal\",\"@id\":\"https:\\\/\\\/secure.gravatar.com\\\/avatar\\\/425b108f52b56c6c7c61b3c001fd369fdfe049988088c865729ae1dbab330d5e?s=96&d=mm&r=g\",\"url\":\"https:\\\/\\\/secure.gravatar.com\\\/avatar\\\/425b108f52b56c6c7c61b3c001fd369fdfe049988088c865729ae1dbab330d5e?s=96&d=mm&r=g\",\"contentUrl\":\"https:\\\/\\\/secure.gravatar.com\\\/avatar\\\/425b108f52b56c6c7c61b3c001fd369fdfe049988088c865729ae1dbab330d5e?s=96&d=mm&r=g\",\"caption\":\"Miriam Spie\u00df\"},\"url\":\"https:\\\/\\\/www.eghv-suedpfalz.de\\\/de-ld\\\/blog\\\/author\\\/mspiess\\\/\"}]}<\/script>\n<!-- \/ Yoast SEO plugin. -->","yoast_head_json":{"title":"Theaterst\u00fcck der integrativen Theatergruppe des St- Paulus Stifts Herxheim am 12. und 13. Oktober - Eingliederungshilfeverbund Su\u0308dpfalz","robots":{"index":"index","follow":"follow","max-snippet":"max-snippet:-1","max-image-preview":"max-image-preview:large","max-video-preview":"max-video-preview:-1"},"canonical":"https:\/\/www.eghv-suedpfalz.de\/blog\/neuigkeiten\/theaterstueck-der-integrativen-theatergruppe-des-st-paulus-stifts-herxheim-am-12-und-13-oktober\/","og_locale":"de_DE","og_type":"article","og_title":"Theaterst\u00fcck der integrativen Theatergruppe des St- Paulus Stifts Herxheim am 12. und 13. Oktober - Eingliederungshilfeverbund Su\u0308dpfalz","og_description":"J.F. Bussereau &#8211; einfach genial! Dies ist der Titel des neuen Theaterst\u00fccks der integrativen Theatergruppe \u201eSoSimmer-ganz normal, blo\u00df annerschd\u201c des St- Paulus Stifts Herxheim. Zum \u2026 mehr","og_url":"https:\/\/www.eghv-suedpfalz.de\/blog\/neuigkeiten\/theaterstueck-der-integrativen-theatergruppe-des-st-paulus-stifts-herxheim-am-12-und-13-oktober\/","og_site_name":"Eingliederungshilfeverbund Su\u0308dpfalz","article_published_time":"2019-10-10T12:29:09+00:00","article_modified_time":"2020-05-08T07:58:14+00:00","og_image":[{"width":610,"height":438,"url":"https:\/\/www.eghv-suedpfalz.de\/wp-content\/uploads\/2017\/10\/logo800dpi.png","type":"image\/png"}],"author":"Miriam Spie\u00df","twitter_card":"summary_large_image","twitter_misc":{"Geschrieben von":"Miriam Spie\u00df","Gesch\u00e4tzte Lesezeit":"1 minute"},"schema":{"@context":"https:\/\/schema.org","@graph":[{"@type":"Article","@id":"https:\/\/www.eghv-suedpfalz.de\/blog\/neuigkeiten\/theaterstueck-der-integrativen-theatergruppe-des-st-paulus-stifts-herxheim-am-12-und-13-oktober\/#article","isPartOf":{"@id":"https:\/\/www.eghv-suedpfalz.de\/blog\/neuigkeiten\/theaterstueck-der-integrativen-theatergruppe-des-st-paulus-stifts-herxheim-am-12-und-13-oktober\/"},"author":{"name":"Miriam Spie\u00df","@id":"https:\/\/www.eghv-suedpfalz.de\/#\/schema\/person\/2d5131c11444091b1a89b884fe357f0a"},"headline":"Theaterst\u00fcck der integrativen Theatergruppe des St- Paulus Stifts Herxheim am 12. und 13. Oktober","datePublished":"2019-10-10T12:29:09+00:00","dateModified":"2020-05-08T07:58:14+00:00","mainEntityOfPage":{"@id":"https:\/\/www.eghv-suedpfalz.de\/blog\/neuigkeiten\/theaterstueck-der-integrativen-theatergruppe-des-st-paulus-stifts-herxheim-am-12-und-13-oktober\/"},"wordCount":185,"image":{"@id":"https:\/\/www.eghv-suedpfalz.de\/blog\/neuigkeiten\/theaterstueck-der-integrativen-theatergruppe-des-st-paulus-stifts-herxheim-am-12-und-13-oktober\/#primaryimage"},"thumbnailUrl":"https:\/\/www.eghv-suedpfalz.de\/wp-content\/uploads\/2017\/10\/logo800dpi.png","articleSection":["Neuigkeiten"],"inLanguage":"de-DE-formal"},{"@type":"WebPage","@id":"https:\/\/www.eghv-suedpfalz.de\/blog\/neuigkeiten\/theaterstueck-der-integrativen-theatergruppe-des-st-paulus-stifts-herxheim-am-12-und-13-oktober\/","url":"https:\/\/www.eghv-suedpfalz.de\/blog\/neuigkeiten\/theaterstueck-der-integrativen-theatergruppe-des-st-paulus-stifts-herxheim-am-12-und-13-oktober\/","name":"Theaterst\u00fcck der integrativen Theatergruppe des St- Paulus Stifts Herxheim am 12. und 13. Oktober - Eingliederungshilfeverbund Su\u0308dpfalz","isPartOf":{"@id":"https:\/\/www.eghv-suedpfalz.de\/#website"},"primaryImageOfPage":{"@id":"https:\/\/www.eghv-suedpfalz.de\/blog\/neuigkeiten\/theaterstueck-der-integrativen-theatergruppe-des-st-paulus-stifts-herxheim-am-12-und-13-oktober\/#primaryimage"},"image":{"@id":"https:\/\/www.eghv-suedpfalz.de\/blog\/neuigkeiten\/theaterstueck-der-integrativen-theatergruppe-des-st-paulus-stifts-herxheim-am-12-und-13-oktober\/#primaryimage"},"thumbnailUrl":"https:\/\/www.eghv-suedpfalz.de\/wp-content\/uploads\/2017\/10\/logo800dpi.png","datePublished":"2019-10-10T12:29:09+00:00","dateModified":"2020-05-08T07:58:14+00:00","author":{"@id":"https:\/\/www.eghv-suedpfalz.de\/#\/schema\/person\/2d5131c11444091b1a89b884fe357f0a"},"breadcrumb":{"@id":"https:\/\/www.eghv-suedpfalz.de\/blog\/neuigkeiten\/theaterstueck-der-integrativen-theatergruppe-des-st-paulus-stifts-herxheim-am-12-und-13-oktober\/#breadcrumb"},"inLanguage":"de-DE-formal","potentialAction":[{"@type":"ReadAction","target":["https:\/\/www.eghv-suedpfalz.de\/blog\/neuigkeiten\/theaterstueck-der-integrativen-theatergruppe-des-st-paulus-stifts-herxheim-am-12-und-13-oktober\/"]}]},{"@type":"ImageObject","inLanguage":"de-DE-formal","@id":"https:\/\/www.eghv-suedpfalz.de\/blog\/neuigkeiten\/theaterstueck-der-integrativen-theatergruppe-des-st-paulus-stifts-herxheim-am-12-und-13-oktober\/#primaryimage","url":"https:\/\/www.eghv-suedpfalz.de\/wp-content\/uploads\/2017\/10\/logo800dpi.png","contentUrl":"https:\/\/www.eghv-suedpfalz.de\/wp-content\/uploads\/2017\/10\/logo800dpi.png","width":610,"height":438,"caption":"Logo der Jacob-Friedrich-Bussereau-Stiftung"},{"@type":"BreadcrumbList","@id":"https:\/\/www.eghv-suedpfalz.de\/blog\/neuigkeiten\/theaterstueck-der-integrativen-theatergruppe-des-st-paulus-stifts-herxheim-am-12-und-13-oktober\/#breadcrumb","itemListElement":[{"@type":"ListItem","position":1,"name":"Startseite","item":"https:\/\/www.eghv-suedpfalz.de\/"},{"@type":"ListItem","position":2,"name":"Theaterst\u00fcck der integrativen Theatergruppe des St- Paulus Stifts Herxheim am 12. und 13. Oktober"}]},{"@type":"WebSite","@id":"https:\/\/www.eghv-suedpfalz.de\/#website","url":"https:\/\/www.eghv-suedpfalz.de\/","name":"Eingliederungshilfeverbund Su\u0308dpfalz","description":"","potentialAction":[{"@type":"SearchAction","target":{"@type":"EntryPoint","urlTemplate":"https:\/\/www.eghv-suedpfalz.de\/?s={search_term_string}"},"query-input":{"@type":"PropertyValueSpecification","valueRequired":true,"valueName":"search_term_string"}}],"inLanguage":"de-DE-formal"},{"@type":"Person","@id":"https:\/\/www.eghv-suedpfalz.de\/#\/schema\/person\/2d5131c11444091b1a89b884fe357f0a","name":"Miriam Spie\u00df","image":{"@type":"ImageObject","inLanguage":"de-DE-formal","@id":"https:\/\/secure.gravatar.com\/avatar\/425b108f52b56c6c7c61b3c001fd369fdfe049988088c865729ae1dbab330d5e?s=96&d=mm&r=g","url":"https:\/\/secure.gravatar.com\/avatar\/425b108f52b56c6c7c61b3c001fd369fdfe049988088c865729ae1dbab330d5e?s=96&d=mm&r=g","contentUrl":"https:\/\/secure.gravatar.com\/avatar\/425b108f52b56c6c7c61b3c001fd369fdfe049988088c865729ae1dbab330d5e?s=96&d=mm&r=g","caption":"Miriam Spie\u00df"},"url":"https:\/\/www.eghv-suedpfalz.de\/de-ld\/blog\/author\/mspiess\/"}]}},"_links":{"self":[{"href":"https:\/\/www.eghv-suedpfalz.de\/de-ld\/wp-json\/wp\/v2\/posts\/3450","targetHints":{"allow":["GET"]}}],"collection":[{"href":"https:\/\/www.eghv-suedpfalz.de\/de-ld\/wp-json\/wp\/v2\/posts"}],"about":[{"href":"https:\/\/www.eghv-suedpfalz.de\/de-ld\/wp-json\/wp\/v2\/types\/post"}],"author":[{"embeddable":true,"href":"https:\/\/www.eghv-suedpfalz.de\/de-ld\/wp-json\/wp\/v2\/users\/4"}],"replies":[{"embeddable":true,"href":"https:\/\/www.eghv-suedpfalz.de\/de-ld\/wp-json\/wp\/v2\/comments?post=3450"}],"version-history":[{"count":3,"href":"https:\/\/www.eghv-suedpfalz.de\/de-ld\/wp-json\/wp\/v2\/posts\/3450\/revisions"}],"predecessor-version":[{"id":3455,"href":"https:\/\/www.eghv-suedpfalz.de\/de-ld\/wp-json\/wp\/v2\/posts\/3450\/revisions\/3455"}],"wp:featuredmedia":[{"embeddable":true,"href":"https:\/\/www.eghv-suedpfalz.de\/de-ld\/wp-json\/wp\/v2\/media\/412"}],"wp:attachment":[{"href":"https:\/\/www.eghv-suedpfalz.de\/de-ld\/wp-json\/wp\/v2\/media?parent=3450"}],"wp:term":[{"taxonomy":"category","embeddable":true,"href":"https:\/\/www.eghv-suedpfalz.de\/de-ld\/wp-json\/wp\/v2\/categories?post=3450"},{"taxonomy":"post_tag","embeddable":true,"href":"https:\/\/www.eghv-suedpfalz.de\/de-ld\/wp-json\/wp\/v2\/tags?post=3450"}],"curies":[{"name":"wp","href":"https:\/\/api.w.org\/{rel}","templated":true}]}}